{"id":2946,"date":"2022-11-30T16:44:36","date_gmt":"2022-11-30T16:44:36","guid":{"rendered":"http:\/\/innovacioneducativa.imss.gob.mx\/sitio_wp\/atencion-de-enfermeria-en-enfermedades-prevenibles-por-vacunacion\/"},"modified":"2025-12-16T19:59:15","modified_gmt":"2025-12-16T19:59:15","slug":"atencion-de-enfermeria-en-enfermedades-prevenibles-por-vacunacion","status":"publish","type":"post","link":"https:\/\/innovacioneducativa.imss.gob.mx\/sitio_wp\/atencion-de-enfermeria-en-enfermedades-prevenibles-por-vacunacion\/","title":{"rendered":"Atenci\u00f3n de Enfermer\u00eda en las enfermedades prevenibles por vacunaci\u00f3n"},"content":{"rendered":"","protected":false},"excerpt":{"rendered":"","protected":false},"author":1,"featured_media":0,"comment_status":"open","ping_status":"open","sticky":false,"template":"","format":"standard","meta":{"_monsterinsights_skip_tracking":false,"_monsterinsights_sitenote_active":false,"_monsterinsights_sitenote_note":"","_monsterinsights_sitenote_category":0,"footnotes":""},"categories":[3],"tags":[16],"class_list":["post-2946","post","type-post","status-publish","format-standard","hentry","category-curso","tag-personal-de-enfermeria"],"_links":{"self":[{"href":"https:\/\/innovacioneducativa.imss.gob.mx\/sitio_wp\/wp-json\/wp\/v2\/posts\/2946","targetHints":{"allow":["GET"]}}],"collection":[{"href":"https:\/\/innovacioneducativa.imss.gob.mx\/sitio_wp\/wp-json\/wp\/v2\/posts"}],"about":[{"href":"https:\/\/innovacioneducativa.imss.gob.mx\/sitio_wp\/wp-json\/wp\/v2\/types\/post"}],"author":[{"embeddable":true,"href":"https:\/\/innovacioneducativa.imss.gob.mx\/sitio_wp\/wp-json\/wp\/v2\/users\/1"}],"replies":[{"embeddable":true,"href":"https:\/\/innovacioneducativa.imss.gob.mx\/sitio_wp\/wp-json\/wp\/v2\/comments?post=2946"}],"version-history":[{"count":26,"href":"https:\/\/innovacioneducativa.imss.gob.mx\/sitio_wp\/wp-json\/wp\/v2\/posts\/2946\/revisions"}],"predecessor-version":[{"id":10842,"href":"https:\/\/innovacioneducativa.imss.gob.mx\/sitio_wp\/wp-json\/wp\/v2\/posts\/2946\/revisions\/10842"}],"wp:attachment":[{"href":"https:\/\/innovacioneducativa.imss.gob.mx\/sitio_wp\/wp-json\/wp\/v2\/media?parent=2946"}],"wp:term":[{"taxonomy":"category","embeddable":true,"href":"https:\/\/innovacioneducativa.imss.gob.mx\/sitio_wp\/wp-json\/wp\/v2\/categories?post=2946"},{"taxonomy":"post_tag","embeddable":true,"href":"https:\/\/innovacioneducativa.imss.gob.mx\/sitio_wp\/wp-json\/wp\/v2\/tags?post=2946"}],"curies":[{"name":"wp","href":"https:\/\/api.w.org\/{rel}","templated":true}]}}